{"id":1263,"date":"2024-03-26T16:26:35","date_gmt":"2024-03-26T19:26:35","guid":{"rendered":"https:\/\/sialat2024.com.br\/?p=1263"},"modified":"2024-04-16T16:58:27","modified_gmt":"2024-04-16T19:58:27","slug":"confira-a-lista-de-oficinas-do-v-sialat","status":"publish","type":"post","link":"https:\/\/sialat2024.com.br\/index.php\/2024\/03\/26\/confira-a-lista-de-oficinas-do-v-sialat\/","title":{"rendered":"Confira a Oficina do V SIALAT"},"content":{"rendered":"\n<p>Temos o prazer de divulgar a Oficina do V SIALAT. Clique <a href=\"https:\/\/sialat2024.com.br\/index.php\/oficinas\/\" target=\"_blank\" rel=\"noreferrer noopener\">AQUI<\/a> e fa\u00e7a a sua inscri\u00e7\u00e3o<\/p>\n\n\n\n<p><strong>OFICINA <br>T\u00edtulo: Metodologias de Planejamento Participativo e Gest\u00e3o Associada<\/strong><\/p>\n\n\n\n<p>Coordenadores: Hector Poggiese \u2013 Faculdade Latino Americana de Ci\u00eancias Sociais e Elis de Ara\u00fajo Miranda \u2013 Universidade Federal Fluminense E-mail: hpoggiese@psi.uba.ar; elismiranda@id.uff.br<br>Ministrantes: <strong>Prof. Dr. Hector Poggiese <\/strong>\u2013 Faculdade Latino Americana de Ci\u00eancias Sociais\/FLACSO e <strong>Profa. Dra. Elis Miranda<\/strong> \u2013 Universidade Federal Fluminense\/UFF<\/p>\n\n\n\n<div class=\"wp-block-columns is-layout-flex wp-container-core-columns-is-layout-1 wp-block-columns-is-layout-flex\">\n<div class=\"wp-block-column is-layout-flow wp-block-column-is-layout-flow\">\n<figure class=\"wp-block-image size-full is-resized\"><img loading=\"lazy\" decoding=\"async\" width=\"900\" height=\"600\" src=\"https:\/\/sialat2024.com.br\/wp-content\/uploads\/2024\/03\/image-33.png\" alt=\"\" class=\"wp-image-1301\" style=\"width:460px;height:auto\" srcset=\"https:\/\/sialat2024.com.br\/wp-content\/uploads\/2024\/03\/image-33.png 900w, https:\/\/sialat2024.com.br\/wp-content\/uploads\/2024\/03\/image-33-300x200.png 300w, https:\/\/sialat2024.com.br\/wp-content\/uploads\/2024\/03\/image-33-768x512.png 768w, https:\/\/sialat2024.com.br\/wp-content\/uploads\/2024\/03\/image-33-306x205.png 306w\" sizes=\"(max-width: 900px) 100vw, 900px\" \/><\/figure>\n<\/div>\n\n\n\n<div class=\"wp-block-column is-layout-flow wp-block-column-is-layout-flow\">\n<figure class=\"wp-block-image size-large is-resized\"><img loading=\"lazy\" decoding=\"async\" width=\"768\" height=\"1024\" src=\"https:\/\/sialat2024.com.br\/wp-content\/uploads\/2024\/04\/WhatsApp-Image-2024-04-07-at-12.31.06-768x1024.jpeg\" alt=\"\" class=\"wp-image-1413\" style=\"width:284px;height:auto\" srcset=\"https:\/\/sialat2024.com.br\/wp-content\/uploads\/2024\/04\/WhatsApp-Image-2024-04-07-at-12.31.06-768x1024.jpeg 768w, https:\/\/sialat2024.com.br\/wp-content\/uploads\/2024\/04\/WhatsApp-Image-2024-04-07-at-12.31.06-225x300.jpeg 225w, https:\/\/sialat2024.com.br\/wp-content\/uploads\/2024\/04\/WhatsApp-Image-2024-04-07-at-12.31.06.jpeg 960w\" sizes=\"(max-width: 768px) 100vw, 768px\" \/><\/figure>\n<\/div>\n<\/div>\n\n\n\n<p><strong>H\u00e9ctor Poggiese (FLACSO\/CLACSO\/Argentina) \u2013\u00a0<\/strong>possui gradua\u00e7\u00e3o em Direito pela Universidad de Buenos Aires e mestrado em Administra\u00e7\u00e3o P\u00fablica pela Funda\u00e7\u00e3o Get\u00falio Vargas (Rio de Janeiro). Atualmente \u00e9 professor titular da Facultad Latinoamericana de Ciencias Sociales(FLACSO\/Argentina). Possui v\u00e1rios trabalhos publicados, entre estes: Pol\u00edticas ambientales en el Cono Sur; Energizaci\u00f3n rural y participaci\u00f3n social.<\/p>\n\n\n\n<p><\/p>\n\n\n\n<p><strong>Elis de Ara\u00fajo Miranda (UFF\/RJ \u2013 Brasil)<\/strong>\u2013 Possui estrado em Desenvolvimento Sustent\u00e1vel do Tr\u00f3pico \u00damido pela UFPA, doutorado em Planejamento Urbano e Regional pela UFRJ. Realizou est\u00e1gio de p\u00f3s-doutoramento no N\u00facleo de Altos Estudos Amaz\u00f4nicos (NAEA\/UFPA) e \u00e9 professora da Universidade Federal Fluminense e colaboradora com a Gest\u00e3o Cultural da Universidade Estadual do Norte Fluminense Darcy Ribeiro. Coordena o Laborat\u00f3rio de Pesquisa em Cultura, Planejamento e Representa\u00e7\u00f5es Espaciais e tem pesquisas sobre Planejamento Urbano e Regional.<\/p>\n","protected":false},"excerpt":{"rendered":"<p>Temos o prazer de divulgar a Oficina do V SIALAT. Clique AQUI e fa\u00e7a a sua inscri\u00e7\u00e3o OFICINA T\u00edtulo: Metodologias de Planejamento Participativo e Gest\u00e3o Associada Coordenadores: Hector Poggiese \u2013 Faculdade Latino Americana de Ci\u00eancias Sociais e Elis de Ara\u00fajo&hellip; <\/p>\n","protected":false},"author":1,"featured_media":1476,"comment_status":"open","ping_status":"open","sticky":false,"template":"","format":"standard","meta":{"_acf_changed":false,"_jetpack_memberships_contains_paid_content":false,"footnotes":""},"categories":[1],"tags":[],"r":[],"acf":[],"jetpack_sharing_enabled":true,"jetpack_featured_media_url":"https:\/\/sialat2024.com.br\/wp-content\/uploads\/2024\/03\/Sem-titulo-3.png","jetpack-related-posts":[],"_links":{"self":[{"href":"https:\/\/sialat2024.com.br\/index.php\/wp-json\/wp\/v2\/posts\/1263"}],"collection":[{"href":"https:\/\/sialat2024.com.br\/index.php\/wp-json\/wp\/v2\/posts"}],"about":[{"href":"https:\/\/sialat2024.com.br\/index.php\/wp-json\/wp\/v2\/types\/post"}],"author":[{"embeddable":true,"href":"https:\/\/sialat2024.com.br\/index.php\/wp-json\/wp\/v2\/users\/1"}],"replies":[{"embeddable":true,"href":"https:\/\/sialat2024.com.br\/index.php\/wp-json\/wp\/v2\/comments?post=1263"}],"version-history":[{"count":3,"href":"https:\/\/sialat2024.com.br\/index.php\/wp-json\/wp\/v2\/posts\/1263\/revisions"}],"predecessor-version":[{"id":1477,"href":"https:\/\/sialat2024.com.br\/index.php\/wp-json\/wp\/v2\/posts\/1263\/revisions\/1477"}],"wp:featuredmedia":[{"embeddable":true,"href":"https:\/\/sialat2024.com.br\/index.php\/wp-json\/wp\/v2\/media\/1476"}],"wp:attachment":[{"href":"https:\/\/sialat2024.com.br\/index.php\/wp-json\/wp\/v2\/media?parent=1263"}],"wp:term":[{"taxonomy":"category","embeddable":true,"href":"https:\/\/sialat2024.com.br\/index.php\/wp-json\/wp\/v2\/categories?post=1263"},{"taxonomy":"post_tag","embeddable":true,"href":"https:\/\/sialat2024.com.br\/index.php\/wp-json\/wp\/v2\/tags?post=1263"},{"taxonomy":"r","embeddable":true,"href":"https:\/\/sialat2024.com.br\/index.php\/wp-json\/wp\/v2\/r?post=1263"}],"curies":[{"name":"wp","href":"https:\/\/api.w.org\/{rel}","templated":true}]}}